{"id":11,"count":4,"description":"","link":"https:\/\/www.vivrelagratuite.ch\/?cat=11","name":"\u00c9v\u00e8nement","slug":"evenement","taxonomy":"category","parent":0,"meta":[],"yoast_head":"<!-- This site is optimized with the Yoast SEO plugin v22.8 - https:\/\/yoast.com\/wordpress\/plugins\/seo\/ -->\n<title>\u00c9v\u00e8nement Archives - Viv(r)e la gratuit\u00e9<\/title>\n<meta name=\"robots\" content=\"index, follow, max-snippet:-1, max-image-preview:large, max-video-preview:-1\" \/>\n<link rel=\"canonical\" href=\"https:\/\/www.vivrelagratuite.ch\/?cat=11\" \/>\n<meta property=\"og:locale\" content=\"fr_FR\" \/>\n<meta property=\"og:type\" content=\"article\" \/>\n<meta property=\"og:title\" content=\"\u00c9v\u00e8nement Archives - Viv(r)e la gratuit\u00e9\" \/>\n<meta property=\"og:url\" content=\"https:\/\/www.vivrelagratuite.ch\/?cat=11\" \/>\n<meta property=\"og:site_name\" content=\"Viv(r)e la gratuit\u00e9\" \/>\n<script type=\"application\/ld+json\" class=\"yoast-schema-graph\">{\"@context\":\"https:\/\/schema.org\",\"@graph\":[{\"@type\":\"CollectionPage\",\"@id\":\"https:\/\/www.vivrelagratuite.ch\/?cat=11\",\"url\":\"https:\/\/www.vivrelagratuite.ch\/?cat=11\",\"name\":\"\u00c9v\u00e8nement Archives - Viv(r)e la gratuit\u00e9\",\"isPartOf\":{\"@id\":\"https:\/\/www.vivrelagratuite.ch\/#website\"},\"breadcrumb\":{\"@id\":\"https:\/\/www.vivrelagratuite.ch\/?cat=11#breadcrumb\"},\"inLanguage\":\"fr-FR\"},{\"@type\":\"BreadcrumbList\",\"@id\":\"https:\/\/www.vivrelagratuite.ch\/?cat=11#breadcrumb\",\"itemListElement\":[{\"@type\":\"ListItem\",\"position\":1,\"name\":\"Accueil\",\"item\":\"https:\/\/www.vivrelagratuite.ch\/\"},{\"@type\":\"ListItem\",\"position\":2,\"name\":\"\u00c9v\u00e8nement\"}]},{\"@type\":\"WebSite\",\"@id\":\"https:\/\/www.vivrelagratuite.ch\/#website\",\"url\":\"https:\/\/www.vivrelagratuite.ch\/\",\"name\":\"Viv(r)e la gratuit\u00e9\",\"description\":\"Organisateurs des march\u00e9s gratuits \u00e0 Vevey\",\"potentialAction\":[{\"@type\":\"SearchAction\",\"target\":{\"@type\":\"EntryPoint\",\"urlTemplate\":\"https:\/\/www.vivrelagratuite.ch\/?s={search_term_string}\"},\"query-input\":\"required name=search_term_string\"}],\"inLanguage\":\"fr-FR\"}]}<\/script>\n<!-- \/ Yoast SEO plugin. -->","yoast_head_json":{"title":"\u00c9v\u00e8nement Archives - Viv(r)e la gratuit\u00e9","robots":{"index":"index","follow":"follow","max-snippet":"max-snippet:-1","max-image-preview":"max-image-preview:large","max-video-preview":"max-video-preview:-1"},"canonical":"https:\/\/www.vivrelagratuite.ch\/?cat=11","og_locale":"fr_FR","og_type":"article","og_title":"\u00c9v\u00e8nement Archives - Viv(r)e la gratuit\u00e9","og_url":"https:\/\/www.vivrelagratuite.ch\/?cat=11","og_site_name":"Viv(r)e la gratuit\u00e9","schema":{"@context":"https:\/\/schema.org","@graph":[{"@type":"CollectionPage","@id":"https:\/\/www.vivrelagratuite.ch\/?cat=11","url":"https:\/\/www.vivrelagratuite.ch\/?cat=11","name":"\u00c9v\u00e8nement Archives - Viv(r)e la gratuit\u00e9","isPartOf":{"@id":"https:\/\/www.vivrelagratuite.ch\/#website"},"breadcrumb":{"@id":"https:\/\/www.vivrelagratuite.ch\/?cat=11#breadcrumb"},"inLanguage":"fr-FR"},{"@type":"BreadcrumbList","@id":"https:\/\/www.vivrelagratuite.ch\/?cat=11#breadcrumb","itemListElement":[{"@type":"ListItem","position":1,"name":"Accueil","item":"https:\/\/www.vivrelagratuite.ch\/"},{"@type":"ListItem","position":2,"name":"\u00c9v\u00e8nement"}]},{"@type":"WebSite","@id":"https:\/\/www.vivrelagratuite.ch\/#website","url":"https:\/\/www.vivrelagratuite.ch\/","name":"Viv(r)e la gratuit\u00e9","description":"Organisateurs des march\u00e9s gratuits \u00e0 Vevey","potentialAction":[{"@type":"SearchAction","target":{"@type":"EntryPoint","urlTemplate":"https:\/\/www.vivrelagratuite.ch\/?s={search_term_string}"},"query-input":"required name=search_term_string"}],"inLanguage":"fr-FR"}]}},"_links":{"self":[{"href":"https:\/\/www.vivrelagratuite.ch\/index.php?rest_route=\/wp\/v2\/categories\/11","targetHints":{"allow":["GET"]}}],"collection":[{"href":"https:\/\/www.vivrelagratuite.ch\/index.php?rest_route=\/wp\/v2\/categories"}],"about":[{"href":"https:\/\/www.vivrelagratuite.ch\/index.php?rest_route=\/wp\/v2\/taxonomies\/category"}],"wp:post_type":[{"href":"https:\/\/www.vivrelagratuite.ch\/index.php?rest_route=%2Fwp%2Fv2%2Fposts&categories=11"}],"curies":[{"name":"wp","href":"https:\/\/api.w.org\/{rel}","templated":true}]}}